{"id":1212,"date":"2024-05-07T17:01:17","date_gmt":"2024-05-07T17:01:17","guid":{"rendered":"https:\/\/www.cristel.com.mx\/blog\/?p=1212"},"modified":"2024-05-07T17:02:03","modified_gmt":"2024-05-07T17:02:03","slug":"tendencias-en-fachadas-de-aluminio-y-vidrio-en-espacios-comerciales","status":"publish","type":"post","link":"https:\/\/www.cristel.com.mx\/blog\/tendencias-en-fachadas-de-aluminio-y-vidrio-en-espacios-comerciales","title":{"rendered":"Fachadas de aluminio y vidrio: tendencias en dise\u00f1o arquitect\u00f3nico comercial"},"content":{"rendered":"\n<p>La canceler\u00eda de vidrio y aluminio es una caracter\u00edstica distintiva en la arquitectura contempor\u00e1nea de los centros comerciales. Estas estructuras no solo proporcionan funcionalidad, seguridad y est\u00e9tica, sino que tambi\u00e9n reflejan las \u00faltimas tendencias en dise\u00f1o y tecnolog\u00eda.<\/p>\n\n\n\n<!--more-->\n\n\n\n<h2 class=\"wp-block-heading\">Tendencias en fachadas de aluminio y vidrio<\/h2>\n\n\n\n<p>La tendencia en dise\u00f1o de espacios comerciales apunta a fachadas m\u00e1s creativas y funcionales, siendo las <a href=\"https:\/\/www.cristel.com.mx\/fachadas-aluminio-vidrio\" target=\"_blank\" rel=\"noreferrer noopener\">fachadas de aluminio y vidrio<\/a> una opci\u00f3n ideal para la envolvente de espacios arquitect\u00f3nicos como centros comerciales.<\/p>\n\n\n\n<p class=\"has-text-align-center\">Te explicamos m\u00e1s en este video<\/p>\n\n\n\n<center><iframe loading=\"lazy\" width=\"560\" height=\"315\" src=\"https:\/\/www.youtube.com\/embed\/STXothGJgUQ?si=YhYKyiseuSTqn-WT\" title=\"YouTube video player\" frameborder=\"0\" allow=\"accelerometer; autoplay; clipboard-write; encrypted-media; gyroscope; picture-in-picture; web-share\" referrerpolicy=\"strict-origin-when-cross-origin\" allowfullscreen><\/iframe><\/center>\n\n\n\n<p><\/p>\n\n\n\n<p>De esta manera, las <strong>tendencias en espacios comerciales apuntan a la implementaci\u00f3n<\/strong> de:<\/p>\n\n\n\n<ol class=\"wp-block-list\">\n<li>Minimalismo y transparencia<\/li>\n\n\n\n<li>Sistemas de aislamiento<\/li>\n\n\n\n<li>Integraci\u00f3n inteligente<\/li>\n\n\n\n<li>Opciones de personalizaci\u00f3n<\/li>\n\n\n\n<li>Seguridad y control automatizado<\/li>\n\n\n\n<li>Sostenibilidad<\/li>\n<\/ol>\n\n\n\n<h3 class=\"wp-block-heading\">Minimalismo y transparencia<\/h3>\n\n\n\n<p>En la b\u00fasqueda de espacios m\u00e1s abiertos y luminosos, los dise\u00f1adores est\u00e1n optando por sistemas de canceler\u00eda que minimizan el uso de marcos y refuerzan la sensaci\u00f3n de transparencia.<\/p>\n\n\n\n<p>Las fachadas de vidrio sin marco y las puertas corredizas de cristal ofrecen una apariencia elegante y moderna, al tiempo que maximizan la entrada de luz natural en el interior del centro comercial.<\/p>\n\n\n\n<h3 class=\"wp-block-heading\">Sistemas de aislamiento<\/h3>\n\n\n\n<p>La tendencia hacia una mayor eficiencia energ\u00e9tica se est\u00e1 fortaleciendo con la amplia adopci\u00f3n de sistemas de aislamiento, como los de rotura de puente t\u00e9rmico.<\/p>\n\n\n\n<p>Estas soluciones innovadoras est\u00e1n marcando un cambio significativo en la forma en que concebimos el aislamiento en edificaciones, al reducir de manera considerable el consumo de energ\u00eda y al mismo tiempo promover la creaci\u00f3n de entornos de vida m\u00e1s sostenibles.<\/p>\n\n\n\n<p>Adem\u00e1s, busca <strong>mejorar el confort t\u00e9rmico en los hogares y edificios<\/strong> a la par que contribuyen de manera significativa a la reducci\u00f3n de la huella ambiental.<\/p>\n\n\n<div class=\"wp-block-image\">\n<figure class=\"aligncenter size-large\"><img loading=\"lazy\" decoding=\"async\" width=\"1024\" height=\"341\" src=\"https:\/\/www.cristel.com.mx\/blog\/wp-content\/uploads\/2024\/05\/sistemas-de-aislamiento-en-ventanas-1024x341.jpg\" alt=\"sistemas-de-aislamiento-en-ventanas\" class=\"wp-image-1213\" srcset=\"https:\/\/www.cristel.com.mx\/blog\/wp-content\/uploads\/2024\/05\/sistemas-de-aislamiento-en-ventanas-1024x341.jpg 1024w, https:\/\/www.cristel.com.mx\/blog\/wp-content\/uploads\/2024\/05\/sistemas-de-aislamiento-en-ventanas-300x100.jpg 300w, https:\/\/www.cristel.com.mx\/blog\/wp-content\/uploads\/2024\/05\/sistemas-de-aislamiento-en-ventanas-768x256.jpg 768w, https:\/\/www.cristel.com.mx\/blog\/wp-content\/uploads\/2024\/05\/sistemas-de-aislamiento-en-ventanas-1536x512.jpg 1536w, https:\/\/www.cristel.com.mx\/blog\/wp-content\/uploads\/2024\/05\/sistemas-de-aislamiento-en-ventanas-2048x683.jpg 2048w\" sizes=\"auto, (max-width: 1024px) 100vw, 1024px\" \/><\/figure>\n<\/div>\n\n\n<p><\/p>\n\n\n\n<h3 class=\"wp-block-heading\">Integraci\u00f3n inteligente<\/h3>\n\n\n\n<p>El <strong>vidrio electrocr\u00f3mico puede cambiar de transparente a opaco<\/strong> con s\u00f3lo presionar un bot\u00f3n. Esto permite privacidad instant\u00e1nea cuando sea necesario, como en salas de conferencias.<\/p>\n\n\n\n<p>El <strong>vidrio fotovoltaico genera electricidad<\/strong> a partir de la luz solar, reduciendo los costos de energ\u00eda. Y <strong>el vidrio aislante mejorado bloquea m\u00e1s radiaci\u00f3n solar<\/strong>, disminuyendo el consumo de energ\u00eda para la refrigeraci\u00f3n.<\/p>\n\n\n\n<p class=\"has-text-align-center\"><strong><em>Te puede interesar: <\/em><\/strong><a href=\"https:\/\/www.cristel.com.mx\/blog\/fachadas-inteligentes-automatizacion-y-control\" target=\"_blank\" rel=\"noreferrer noopener\"><strong><em>Fachadas inteligentes: automatizaci\u00f3n y control en la arquitectura<\/em><\/strong><\/a><strong><em>&gt;<\/em><\/strong><\/p>\n\n\n\n<p><\/p>\n\n\n\n<h3 class=\"wp-block-heading\">Opciones de personalizaci\u00f3n<\/h3>\n\n\n\n<p>Antes, los espacios comerciales eran dise\u00f1ados con un enfoque gen\u00e9rico. Hoy en d\u00eda, <strong>la personalizaci\u00f3n es la base de la creatividad<\/strong>.<\/p>\n\n\n\n<p>Es por eso que los arquitectos que desean destacar un nuevo edificio saben que la clave para crear experiencias memorables es <strong>darle al cliente lo que quiere, incluso antes de que sepa que lo quiere<\/strong>.<\/p>\n\n\n\n<p>Ahora, es posible crear <strong>fachadas de aluminio y vidrio completamente personalizadas <\/strong>que se adaptan a cualquier visi\u00f3n de dise\u00f1o.<\/p>\n\n\n\n<ol class=\"wp-block-list\">\n<li>\u00bfUna pared de vidrio ondulado? Hecho.<\/li>\n\n\n\n<li>\u00bfPaneles de aluminio perforado en forma de nube? Sin problema.<\/li>\n\n\n\n<li>\u00bfUna entrada con forma de rosquilla gigante? Muy probablemente lo veas.<\/li>\n<\/ol>\n\n\n\n<p><\/p>\n\n\n\n<p>Con las opciones de acabado de hoy, desde colores personalizados hasta texturas imitando madera o piedra, todo es posible.<\/p>\n\n\n<div class=\"wp-block-image\">\n<figure class=\"aligncenter size-large\"><img loading=\"lazy\" decoding=\"async\" width=\"1024\" height=\"683\" src=\"https:\/\/www.cristel.com.mx\/blog\/wp-content\/uploads\/2024\/05\/personalizacion-fachadas-de-aluminio-vidrio-1024x683.jpeg\" alt=\"personalizacion-fachadas-de-aluminio-vidrio\" class=\"wp-image-1214\" srcset=\"https:\/\/www.cristel.com.mx\/blog\/wp-content\/uploads\/2024\/05\/personalizacion-fachadas-de-aluminio-vidrio-1024x683.jpeg 1024w, https:\/\/www.cristel.com.mx\/blog\/wp-content\/uploads\/2024\/05\/personalizacion-fachadas-de-aluminio-vidrio-300x200.jpeg 300w, https:\/\/www.cristel.com.mx\/blog\/wp-content\/uploads\/2024\/05\/personalizacion-fachadas-de-aluminio-vidrio-768x512.jpeg 768w, https:\/\/www.cristel.com.mx\/blog\/wp-content\/uploads\/2024\/05\/personalizacion-fachadas-de-aluminio-vidrio.jpeg 1280w\" sizes=\"auto, (max-width: 1024px) 100vw, 1024px\" \/><\/figure>\n<\/div>\n\n\n<p><\/p>\n\n\n\n<h3 class=\"wp-block-heading\">Seguridad y control automatizado<\/h3>\n\n\n\n<p>Los sistemas dom\u00f3ticos permiten controlar de forma remota la iluminaci\u00f3n, la temperatura y la seguridad del edificio.<\/p>\n\n\n\n<ul class=\"wp-block-list\">\n<li><strong>Detectores de presencia encienden las luces <\/strong>cuando alguien entra en una habitaci\u00f3n y las apagan cuando se va, ahorrando energ\u00eda.<\/li>\n\n\n\n<li><strong>Los termostatos inteligentes ajustan la calefacci\u00f3n<\/strong> y el aire acondicionado para maximizar la comodidad y la eficiencia.<\/li>\n\n\n\n<li><strong>Las c\u00e1maras de seguridad env\u00edan alertas<\/strong> a los propietarios si detectan intrusos.<\/li>\n<\/ul>\n\n\n\n<p><\/p>\n\n\n\n<p class=\"has-text-align-center\"><strong><em>Te puede interesar: <\/em><\/strong><a href=\"https:\/\/www.cristel.com.mx\/blog\/revestimientos-arquitectonicos-parasoles-trespa-louver-de-aluminio\" target=\"_blank\" rel=\"noreferrer noopener\"><strong><em>Tendencias en revestimientos arquitect\u00f3nicos: paneles Trespa, parasoles y louver de aluminio<\/em><\/strong><\/a><strong><em>&gt;<\/em><\/strong><\/p>\n\n\n\n<p><\/p>\n\n\n\n<h3 class=\"wp-block-heading\">Sostenibilidad<\/h3>\n\n\n\n<p>Seg\u00fan <a href=\"https:\/\/www.linkedin.com\/pulse\/7-latest-trends-aluminum-windows-doors-glimpse-2024-judy-huang-p6pfc\/\" target=\"_blank\" rel=\"noreferrer noopener\">Topbright<\/a>, la sostenibilidad y <strong>el uso de materiales ecol\u00f3gicos son cada vez m\u00e1s importantes para los consumidores<\/strong> conscientes del medio ambiente.<\/p>\n\n\n\n<p>El aluminio, por su capacidad de reciclaje y durabilidad, se encuentra en sinton\u00eda con la creciente demanda de soluciones de construcci\u00f3n que respeten el entorno.<\/p>\n\n\n<div class=\"wp-block-image\">\n<figure class=\"aligncenter size-large\"><img loading=\"lazy\" decoding=\"async\" width=\"1024\" height=\"576\" src=\"https:\/\/www.cristel.com.mx\/blog\/wp-content\/uploads\/2024\/05\/materiales-ecologicos-con-aluminio-1024x576.jpeg\" alt=\"materiales-ecologicos-con--aluminio\" class=\"wp-image-1215\" srcset=\"https:\/\/www.cristel.com.mx\/blog\/wp-content\/uploads\/2024\/05\/materiales-ecologicos-con-aluminio-1024x576.jpeg 1024w, https:\/\/www.cristel.com.mx\/blog\/wp-content\/uploads\/2024\/05\/materiales-ecologicos-con-aluminio-300x169.jpeg 300w, https:\/\/www.cristel.com.mx\/blog\/wp-content\/uploads\/2024\/05\/materiales-ecologicos-con-aluminio-768x432.jpeg 768w, https:\/\/www.cristel.com.mx\/blog\/wp-content\/uploads\/2024\/05\/materiales-ecologicos-con-aluminio.jpeg 1280w\" sizes=\"auto, (max-width: 1024px) 100vw, 1024px\" \/><\/figure>\n<\/div>\n\n\n<h2 class=\"wp-block-heading\">Dato extra<\/h2>\n\n\n\n<p><strong>La flexibilidad es otro aspecto clave de las tendencias de dise\u00f1o actuales<\/strong>. Mientras que antes un espacio comercial estaba dise\u00f1ado para un \u00fanico prop\u00f3sito, hoy se buscan soluciones multifuncionales.<\/p>\n\n\n\n<p>Un restaurante, por ejemplo, puede convertirse en discoteca por la noche, o una tienda puede albergar eventos especiales fuera de horas de atenci\u00f3n.<\/p>\n\n\n\n<p>Esta versatilidad le da a los propietarios m\u00e1s oportunidades de generar ingresos y cautivar nuevos p\u00fablicos.<\/p>\n\n\n\n<p class=\"has-luminous-vivid-amber-background-color has-background\">Con materiales y t\u00e9cnicas innovadoras, <strong>las fachadas de aluminio y vidrio se han convertido en lienzos para la creatividad arquitect\u00f3nica<\/strong>, capaces de lograr espacios comerciales \u00fanicos, funcionales y est\u00e9ticos. <\/p>\n\n\n\n<p>En <strong>Cristel<\/strong>, contamos con diferentes soluciones en <a href=\"https:\/\/www.cristel.com.mx\/fachadas-aluminio-vidrio\" target=\"_blank\" rel=\"noreferrer noopener\">fachadas de aluminio y vidrio<\/a>. Solicita una cotizaci\u00f3n sin compromiso.<\/p>\n","protected":false},"excerpt":{"rendered":"<p>Las fachadas de aluminio y vidrio est\u00e1n transformando los espacios comerciales con soluciones personalizadas, sistemas de aislamiento y seguridad automatizada.<\/p>\n","protected":false},"author":1,"featured_media":1216,"comment_status":"open","ping_status":"open","sticky":false,"template":"","format":"standard","meta":{"footnotes":""},"categories":[36],"tags":[6],"class_list":["post-1212","post","type-post","status-publish","format-standard","has-post-thumbnail","hentry","category-fachadas-de-aluminio-y-vidrio","tag-fachadas-de-vidrio-y-aluminio"],"yoast_head":"<!-- This site is optimized with the Yoast SEO plugin v24.9 - https:\/\/yoast.com\/wordpress\/plugins\/seo\/ -->\n<title>Fachadas de aluminio y vidrio: tendencias en dise\u00f1o arquitect\u00f3nico comercial<\/title>\n<meta name=\"description\" content=\"Las fachadas de aluminio y vidrio est\u00e1n transformando los espacios comerciales con soluciones personalizadas, sistemas de aislamiento y seguridad automatizada.\" \/>\n<meta name=\"robots\" content=\"index, follow, max-snippet:-1, max-image-preview:large, max-video-preview:-1\" \/>\n<link rel=\"canonical\" href=\"https:\/\/www.cristel.com.mx\/blog\/tendencias-en-fachadas-de-aluminio-y-vidrio-en-espacios-comerciales\" \/>\n<meta property=\"og:locale\" content=\"es_MX\" \/>\n<meta property=\"og:type\" content=\"article\" \/>\n<meta property=\"og:title\" content=\"Fachadas de aluminio y vidrio: tendencias en dise\u00f1o arquitect\u00f3nico comercial\" \/>\n<meta property=\"og:description\" content=\"Las fachadas de aluminio y vidrio est\u00e1n transformando los espacios comerciales con soluciones personalizadas, sistemas de aislamiento y seguridad automatizada.\" \/>\n<meta property=\"og:url\" content=\"https:\/\/www.cristel.com.mx\/blog\/tendencias-en-fachadas-de-aluminio-y-vidrio-en-espacios-comerciales\" \/>\n<meta property=\"og:site_name\" content=\"Blog de vidrio y aluminio | Cristel\" \/>\n<meta property=\"article:published_time\" content=\"2024-05-07T17:01:17+00:00\" \/>\n<meta property=\"article:modified_time\" content=\"2024-05-07T17:02:03+00:00\" \/>\n<meta property=\"og:image\" content=\"https:\/\/www.cristel.com.mx\/blog\/wp-content\/uploads\/2024\/05\/tendencias-en-fachadas-de-aluminio-y-vidrio-en-espacios-comerciales.png\" \/>\n\t<meta property=\"og:image:width\" content=\"1400\" \/>\n\t<meta property=\"og:image:height\" content=\"470\" \/>\n\t<meta property=\"og:image:type\" content=\"image\/png\" \/>\n<meta name=\"author\" content=\"rep.cliento.cristel@gmail.com\" \/>\n<meta name=\"twitter:card\" content=\"summary_large_image\" \/>\n<meta name=\"twitter:title\" content=\"Fachadas de aluminio y vidrio: tendencias en dise\u00f1o arquitect\u00f3nico comercial\" \/>\n<meta name=\"twitter:description\" content=\"Las fachadas de aluminio y vidrio est\u00e1n transformando los espacios comerciales con soluciones personalizadas, sistemas de aislamiento y seguridad automatizada.\" \/>\n<meta name=\"twitter:image\" content=\"https:\/\/www.cristel.com.mx\/blog\/wp-content\/uploads\/2024\/05\/tendencias-en-fachadas-de-aluminio-y-vidrio-en-espacios-comerciales.png\" \/>\n<meta name=\"twitter:label1\" content=\"Escrito por\" \/>\n\t<meta name=\"twitter:data1\" content=\"rep.cliento.cristel@gmail.com\" \/>\n\t<meta name=\"twitter:label2\" content=\"Tiempo de lectura\" \/>\n\t<meta name=\"twitter:data2\" content=\"4 minutos\" \/>\n<script type=\"application\/ld+json\" class=\"yoast-schema-graph\">{\"@context\":\"https:\/\/schema.org\",\"@graph\":[{\"@type\":\"WebPage\",\"@id\":\"https:\/\/www.cristel.com.mx\/blog\/tendencias-en-fachadas-de-aluminio-y-vidrio-en-espacios-comerciales\",\"url\":\"https:\/\/www.cristel.com.mx\/blog\/tendencias-en-fachadas-de-aluminio-y-vidrio-en-espacios-comerciales\",\"name\":\"Fachadas de aluminio y vidrio: tendencias en dise\u00f1o arquitect\u00f3nico comercial\",\"isPartOf\":{\"@id\":\"https:\/\/www.cristel.com.mx\/blog\/#website\"},\"primaryImageOfPage\":{\"@id\":\"https:\/\/www.cristel.com.mx\/blog\/tendencias-en-fachadas-de-aluminio-y-vidrio-en-espacios-comerciales#primaryimage\"},\"image\":{\"@id\":\"https:\/\/www.cristel.com.mx\/blog\/tendencias-en-fachadas-de-aluminio-y-vidrio-en-espacios-comerciales#primaryimage\"},\"thumbnailUrl\":\"https:\/\/www.cristel.com.mx\/blog\/wp-content\/uploads\/2024\/05\/tendencias-en-fachadas-de-aluminio-y-vidrio-en-espacios-comerciales.png\",\"datePublished\":\"2024-05-07T17:01:17+00:00\",\"dateModified\":\"2024-05-07T17:02:03+00:00\",\"author\":{\"@id\":\"https:\/\/www.cristel.com.mx\/blog\/#\/schema\/person\/333fcc0b6976d4a39bfed1da68e06444\"},\"description\":\"Las fachadas de aluminio y vidrio est\u00e1n transformando los espacios comerciales con soluciones personalizadas, sistemas de aislamiento y seguridad automatizada.\",\"breadcrumb\":{\"@id\":\"https:\/\/www.cristel.com.mx\/blog\/tendencias-en-fachadas-de-aluminio-y-vidrio-en-espacios-comerciales#breadcrumb\"},\"inLanguage\":\"es\",\"potentialAction\":[{\"@type\":\"ReadAction\",\"target\":[\"https:\/\/www.cristel.com.mx\/blog\/tendencias-en-fachadas-de-aluminio-y-vidrio-en-espacios-comerciales\"]}]},{\"@type\":\"ImageObject\",\"inLanguage\":\"es\",\"@id\":\"https:\/\/www.cristel.com.mx\/blog\/tendencias-en-fachadas-de-aluminio-y-vidrio-en-espacios-comerciales#primaryimage\",\"url\":\"https:\/\/www.cristel.com.mx\/blog\/wp-content\/uploads\/2024\/05\/tendencias-en-fachadas-de-aluminio-y-vidrio-en-espacios-comerciales.png\",\"contentUrl\":\"https:\/\/www.cristel.com.mx\/blog\/wp-content\/uploads\/2024\/05\/tendencias-en-fachadas-de-aluminio-y-vidrio-en-espacios-comerciales.png\",\"width\":1400,\"height\":470,\"caption\":\"tendencias-en-fachadas-de-aluminio-y-vidrio-en-espacios-comerciales\"},{\"@type\":\"BreadcrumbList\",\"@id\":\"https:\/\/www.cristel.com.mx\/blog\/tendencias-en-fachadas-de-aluminio-y-vidrio-en-espacios-comerciales#breadcrumb\",\"itemListElement\":[{\"@type\":\"ListItem\",\"position\":1,\"name\":\"Inicio\",\"item\":\"https:\/\/www.cristel.com.mx\/blog\"},{\"@type\":\"ListItem\",\"position\":2,\"name\":\"Fachadas de aluminio y vidrio: tendencias en dise\u00f1o arquitect\u00f3nico comercial\"}]},{\"@type\":\"WebSite\",\"@id\":\"https:\/\/www.cristel.com.mx\/blog\/#website\",\"url\":\"https:\/\/www.cristel.com.mx\/blog\/\",\"name\":\"Blog de vidrio y aluminio | Cristel\",\"description\":\"Aqu\u00ed encontrar\u00e1s las noticias m\u00e1s relevantes sobre la industria del vidrio y el aluminio en proyectos arquitect\u00f3nicos. !No dudes en contactarnos!\",\"potentialAction\":[{\"@type\":\"SearchAction\",\"target\":{\"@type\":\"EntryPoint\",\"urlTemplate\":\"https:\/\/www.cristel.com.mx\/blog\/?s={search_term_string}\"},\"query-input\":{\"@type\":\"PropertyValueSpecification\",\"valueRequired\":true,\"valueName\":\"search_term_string\"}}],\"inLanguage\":\"es\"},{\"@type\":\"Person\",\"@id\":\"https:\/\/www.cristel.com.mx\/blog\/#\/schema\/person\/333fcc0b6976d4a39bfed1da68e06444\",\"name\":\"rep.cliento.cristel@gmail.com\",\"image\":{\"@type\":\"ImageObject\",\"inLanguage\":\"es\",\"@id\":\"https:\/\/www.cristel.com.mx\/blog\/#\/schema\/person\/image\/\",\"url\":\"https:\/\/secure.gravatar.com\/avatar\/d922e8a1264e3dd5fff43f78c8956514de464b1917dff359374793ce24c6c727?s=96&d=mm&r=g\",\"contentUrl\":\"https:\/\/secure.gravatar.com\/avatar\/d922e8a1264e3dd5fff43f78c8956514de464b1917dff359374793ce24c6c727?s=96&d=mm&r=g\",\"caption\":\"rep.cliento.cristel@gmail.com\"},\"sameAs\":[\"https:\/\/www.cristel.com.mx\/\"],\"url\":\"https:\/\/www.cristel.com.mx\/blog\/author\/dev-cliento\"}]}<\/script>\n<!-- \/ Yoast SEO plugin. -->","yoast_head_json":{"title":"Fachadas de aluminio y vidrio: tendencias en dise\u00f1o arquitect\u00f3nico comercial","description":"Las fachadas de aluminio y vidrio est\u00e1n transformando los espacios comerciales con soluciones personalizadas, sistemas de aislamiento y seguridad automatizada.","robots":{"index":"index","follow":"follow","max-snippet":"max-snippet:-1","max-image-preview":"max-image-preview:large","max-video-preview":"max-video-preview:-1"},"canonical":"https:\/\/www.cristel.com.mx\/blog\/tendencias-en-fachadas-de-aluminio-y-vidrio-en-espacios-comerciales","og_locale":"es_MX","og_type":"article","og_title":"Fachadas de aluminio y vidrio: tendencias en dise\u00f1o arquitect\u00f3nico comercial","og_description":"Las fachadas de aluminio y vidrio est\u00e1n transformando los espacios comerciales con soluciones personalizadas, sistemas de aislamiento y seguridad automatizada.","og_url":"https:\/\/www.cristel.com.mx\/blog\/tendencias-en-fachadas-de-aluminio-y-vidrio-en-espacios-comerciales","og_site_name":"Blog de vidrio y aluminio | Cristel","article_published_time":"2024-05-07T17:01:17+00:00","article_modified_time":"2024-05-07T17:02:03+00:00","og_image":[{"width":1400,"height":470,"url":"https:\/\/www.cristel.com.mx\/blog\/wp-content\/uploads\/2024\/05\/tendencias-en-fachadas-de-aluminio-y-vidrio-en-espacios-comerciales.png","type":"image\/png"}],"author":"rep.cliento.cristel@gmail.com","twitter_card":"summary_large_image","twitter_title":"Fachadas de aluminio y vidrio: tendencias en dise\u00f1o arquitect\u00f3nico comercial","twitter_description":"Las fachadas de aluminio y vidrio est\u00e1n transformando los espacios comerciales con soluciones personalizadas, sistemas de aislamiento y seguridad automatizada.","twitter_image":"https:\/\/www.cristel.com.mx\/blog\/wp-content\/uploads\/2024\/05\/tendencias-en-fachadas-de-aluminio-y-vidrio-en-espacios-comerciales.png","twitter_misc":{"Escrito por":"rep.cliento.cristel@gmail.com","Tiempo de lectura":"4 minutos"},"schema":{"@context":"https:\/\/schema.org","@graph":[{"@type":"WebPage","@id":"https:\/\/www.cristel.com.mx\/blog\/tendencias-en-fachadas-de-aluminio-y-vidrio-en-espacios-comerciales","url":"https:\/\/www.cristel.com.mx\/blog\/tendencias-en-fachadas-de-aluminio-y-vidrio-en-espacios-comerciales","name":"Fachadas de aluminio y vidrio: tendencias en dise\u00f1o arquitect\u00f3nico comercial","isPartOf":{"@id":"https:\/\/www.cristel.com.mx\/blog\/#website"},"primaryImageOfPage":{"@id":"https:\/\/www.cristel.com.mx\/blog\/tendencias-en-fachadas-de-aluminio-y-vidrio-en-espacios-comerciales#primaryimage"},"image":{"@id":"https:\/\/www.cristel.com.mx\/blog\/tendencias-en-fachadas-de-aluminio-y-vidrio-en-espacios-comerciales#primaryimage"},"thumbnailUrl":"https:\/\/www.cristel.com.mx\/blog\/wp-content\/uploads\/2024\/05\/tendencias-en-fachadas-de-aluminio-y-vidrio-en-espacios-comerciales.png","datePublished":"2024-05-07T17:01:17+00:00","dateModified":"2024-05-07T17:02:03+00:00","author":{"@id":"https:\/\/www.cristel.com.mx\/blog\/#\/schema\/person\/333fcc0b6976d4a39bfed1da68e06444"},"description":"Las fachadas de aluminio y vidrio est\u00e1n transformando los espacios comerciales con soluciones personalizadas, sistemas de aislamiento y seguridad automatizada.","breadcrumb":{"@id":"https:\/\/www.cristel.com.mx\/blog\/tendencias-en-fachadas-de-aluminio-y-vidrio-en-espacios-comerciales#breadcrumb"},"inLanguage":"es","potentialAction":[{"@type":"ReadAction","target":["https:\/\/www.cristel.com.mx\/blog\/tendencias-en-fachadas-de-aluminio-y-vidrio-en-espacios-comerciales"]}]},{"@type":"ImageObject","inLanguage":"es","@id":"https:\/\/www.cristel.com.mx\/blog\/tendencias-en-fachadas-de-aluminio-y-vidrio-en-espacios-comerciales#primaryimage","url":"https:\/\/www.cristel.com.mx\/blog\/wp-content\/uploads\/2024\/05\/tendencias-en-fachadas-de-aluminio-y-vidrio-en-espacios-comerciales.png","contentUrl":"https:\/\/www.cristel.com.mx\/blog\/wp-content\/uploads\/2024\/05\/tendencias-en-fachadas-de-aluminio-y-vidrio-en-espacios-comerciales.png","width":1400,"height":470,"caption":"tendencias-en-fachadas-de-aluminio-y-vidrio-en-espacios-comerciales"},{"@type":"BreadcrumbList","@id":"https:\/\/www.cristel.com.mx\/blog\/tendencias-en-fachadas-de-aluminio-y-vidrio-en-espacios-comerciales#breadcrumb","itemListElement":[{"@type":"ListItem","position":1,"name":"Inicio","item":"https:\/\/www.cristel.com.mx\/blog"},{"@type":"ListItem","position":2,"name":"Fachadas de aluminio y vidrio: tendencias en dise\u00f1o arquitect\u00f3nico comercial"}]},{"@type":"WebSite","@id":"https:\/\/www.cristel.com.mx\/blog\/#website","url":"https:\/\/www.cristel.com.mx\/blog\/","name":"Blog de vidrio y aluminio | Cristel","description":"Aqu\u00ed encontrar\u00e1s las noticias m\u00e1s relevantes sobre la industria del vidrio y el aluminio en proyectos arquitect\u00f3nicos. !No dudes en contactarnos!","potentialAction":[{"@type":"SearchAction","target":{"@type":"EntryPoint","urlTemplate":"https:\/\/www.cristel.com.mx\/blog\/?s={search_term_string}"},"query-input":{"@type":"PropertyValueSpecification","valueRequired":true,"valueName":"search_term_string"}}],"inLanguage":"es"},{"@type":"Person","@id":"https:\/\/www.cristel.com.mx\/blog\/#\/schema\/person\/333fcc0b6976d4a39bfed1da68e06444","name":"rep.cliento.cristel@gmail.com","image":{"@type":"ImageObject","inLanguage":"es","@id":"https:\/\/www.cristel.com.mx\/blog\/#\/schema\/person\/image\/","url":"https:\/\/secure.gravatar.com\/avatar\/d922e8a1264e3dd5fff43f78c8956514de464b1917dff359374793ce24c6c727?s=96&d=mm&r=g","contentUrl":"https:\/\/secure.gravatar.com\/avatar\/d922e8a1264e3dd5fff43f78c8956514de464b1917dff359374793ce24c6c727?s=96&d=mm&r=g","caption":"rep.cliento.cristel@gmail.com"},"sameAs":["https:\/\/www.cristel.com.mx\/"],"url":"https:\/\/www.cristel.com.mx\/blog\/author\/dev-cliento"}]}},"_links":{"self":[{"href":"https:\/\/www.cristel.com.mx\/blog\/wp-json\/wp\/v2\/posts\/1212","targetHints":{"allow":["GET"]}}],"collection":[{"href":"https:\/\/www.cristel.com.mx\/blog\/wp-json\/wp\/v2\/posts"}],"about":[{"href":"https:\/\/www.cristel.com.mx\/blog\/wp-json\/wp\/v2\/types\/post"}],"author":[{"embeddable":true,"href":"https:\/\/www.cristel.com.mx\/blog\/wp-json\/wp\/v2\/users\/1"}],"replies":[{"embeddable":true,"href":"https:\/\/www.cristel.com.mx\/blog\/wp-json\/wp\/v2\/comments?post=1212"}],"version-history":[{"count":2,"href":"https:\/\/www.cristel.com.mx\/blog\/wp-json\/wp\/v2\/posts\/1212\/revisions"}],"predecessor-version":[{"id":1218,"href":"https:\/\/www.cristel.com.mx\/blog\/wp-json\/wp\/v2\/posts\/1212\/revisions\/1218"}],"wp:featuredmedia":[{"embeddable":true,"href":"https:\/\/www.cristel.com.mx\/blog\/wp-json\/wp\/v2\/media\/1216"}],"wp:attachment":[{"href":"https:\/\/www.cristel.com.mx\/blog\/wp-json\/wp\/v2\/media?parent=1212"}],"wp:term":[{"taxonomy":"category","embeddable":true,"href":"https:\/\/www.cristel.com.mx\/blog\/wp-json\/wp\/v2\/categories?post=1212"},{"taxonomy":"post_tag","embeddable":true,"href":"https:\/\/www.cristel.com.mx\/blog\/wp-json\/wp\/v2\/tags?post=1212"}],"curies":[{"name":"wp","href":"https:\/\/api.w.org\/{rel}","templated":true}]}}